{"id":85,"date":"2014-02-26T14:21:23","date_gmt":"2014-02-26T13:21:23","guid":{"rendered":"http:\/\/cmstest.mt79.de\/?p=85"},"modified":"2014-02-26T21:28:07","modified_gmt":"2014-02-26T20:28:07","slug":"soziales-saarland","status":"publish","type":"post","link":"https:\/\/guenter.leuck.name\/?p=85","title":{"rendered":"Soziales Saarland"},"content":{"rendered":"<p>Auftaktveranstaltung auf dem Halberg in Saarbr\u00fccken<\/p>\n<p><strong>VdK Besch &amp; Perl bei der Aktionser\u00f6ffnung aus dem Halberg in Saarbr\u00fccken<\/strong><\/p>\n<p>Am Dienstag dem 30.06.2009 fand die Er\u00f6ffnung der Aktion ein &#8220;Soziales Saarland&#8221; auf dem Halberg beim Saarl\u00e4ndischen Rundfunk statt. Der VdK Besch &amp; VdK Perl nahmen gemeinsam an der Veranstaltung teil und vertraten so die Obermoselregion in Saarbr\u00fccken. Bei der Er\u00f6ffnung war auch die Bundesvorsitzende Frau Ulrike Mascher anwesend. Mit ihrer Rede machte Sie ein schnell Durchlauf durch sozial Charter des VdK.<\/p>\n<p><strong>Liebe B\u00fcrgerinnen und B\u00fcrger,<\/strong><br \/>\nder Sozialverband VdK Deutschland ist parteipolitisch neutral, aber nicht unpolitisch. Er vertritt die sozialpolitischen Interessen seiner 1,4 Millionen Mitglieder sowie die Interessen von 20 Millionen Rentnern, acht Millionen Menschen mit Behinderung, sieben Millionen Menschen, die auf Hartz-IV-Leistungen angewiesen sind, und 2,3 Millionen Pflegebed\u00fcrftigen mit deren Angeh\u00f6rigen.<\/p>\n<p>VdK-Pr\u00e4sidentin Ulrike Mascher<\/p>\n<p>Diese Bev\u00f6lkerungsgruppen stellen mehr als die H\u00e4lfte der 62 Millionen Wahlberechtigten f\u00fcr die Bundestagswahl 2009.<br \/>\nUnsere Forderungen sind mehrheitsf\u00e4hig, weil sie die Mehrheit der Bev\u00f6lkerung unmittelbar betreffen. Und gegen die Mehrheit der Bev\u00f6lkerung lassen sich bekanntlich keine Wahlen gewinnen.<br \/>\nDeshalb wird der VdK alle Parteien und Politiker, die am 27. September f\u00fcr den Bundestag kandidieren, \u00f6ffentlich mit seinen grundlegenden Forderungen konfrontieren und sie auffordern, dazu Stellung zu nehmen, damit die W\u00e4hlerinnen und W\u00e4hler wissen, woran sie sind.<br \/>\nIhre Ulrike Mascher,<br \/>\nPr\u00e4sidentin des Sozialverbands VdK Deutschland<br \/>\nAm Ende schloss sich an die Er\u00f6ffnungsfeier eine Podiumsdiskussion an. Die einen Intreessanten verlauf nahm.<\/p>\n<p>F\u00fcr ein soziales Saarland<\/p>\n<p>In allen B\u00fcrgerinnen- und B\u00fcrgerbefragungen ist eines eindeutig: Die Menschen in Deutschland wollen verl\u00e4ssliche Alterssicherung, w\u00fcrdige und Existenzsichernde Arbeit und eine gute gesundheitliche und pflegerische Versorgung. Unter dem Einfluss des marktradikalen Zeitgeistes sind in den letzten Jahren tiefe Einschnitte in das soziale Netz vorgenommen worden. Viele soziale Probleme wurden verdr\u00e4ngt. Die aktuelle Krise belegt: \u00d6ffentliche Verantwortung und solidarischer Schutz f\u00fcr das menschliche Zusammenleben sind unverzichtbar!<\/p>\n<p>Dies muss auch gelten, wenn in den n\u00e4chsten Jahren die B\u00fcrgschaften finanziert und die Kredite zur\u00fcckgezahlt werden m\u00fcssen, die jetzt mithelfen sollen, die Krise einigerma\u00dfen zu beherrschen. Dann erst recht, d\u00fcrfen die Opfer der Krise heute und morgen, die Millionen einfachen Menschen, die in den letzten Jahren und Jahrzehnten flei\u00dfig gearbeitet und gespart und nicht im weltweiten Casino gezockt haben, nicht ein weiteres Mal durch Einschnitte in die soziale Sicherung zur Kasse gebeten werden.<\/p>\n<p>Deshalb brauchen wir in unserem Land eine &#8220;Charta f\u00fcr ein soziales Saarland&#8221;, in der sich alle Verantwortlichen verpflichten, die sozialen Standards im Land zu halten und weiter auszubauen. Und da gibt es noch viel zu tun. Der Sozialstaat ist noch l\u00e4ngst nicht \u00fcberall und f\u00fcr alle verwirklicht. Neue Herausforderungen warten und ver\u00e4nderte Rahmenbedingungen erfordern neue Antworten.<\/p>\n<p>In unseren &#8220;Forderungen f\u00fcr ein soziales Saarland&#8221; geben wir Impulse f\u00fcr eine gute Zukunft f\u00fcr alle Saarl\u00e4nderinnen und Saarl\u00e4nder. Dies sind die Ma\u00dfst\u00e4be und Messlatten des Sozialverbandes VdK Saarland f\u00fcr alle diejenigen, die in den kommenden Jahren unser Land regieren wollen.<\/p>\n<p>Wir werden pr\u00fcfen, testen und dann w\u00e4hlen! <em>(Armin Lang Landesvorsitzender VdK Saarland)<\/em><\/p>\n","protected":false},"excerpt":{"rendered":"<p>Auftaktveranstaltung auf dem Halberg in Saarbr\u00fccken VdK Besch &amp; Perl bei der Aktionser\u00f6ffnung aus dem Halberg in Saarbr\u00fccken Am Dienstag dem 30.06.2009 fand die Er\u00f6ffnung der Aktion ein &#8220;Soziales Saarland&#8221; auf dem Halberg beim Saarl\u00e4ndischen Rundfunk statt. Der VdK Besch &amp; VdK Perl nahmen gemeinsam an der Veranstaltung teil und vertraten so die Obermoselregion in &hellip; <\/p>\n<p><a class=\"more-link block-button\" href=\"https:\/\/guenter.leuck.name\/?p=85\">Weiterlesen &raquo;<\/a><\/p>\n","protected":false},"author":3,"featured_media":0,"comment_status":"closed","ping_status":"closed","sticky":false,"template":"","format":"standard","meta":{"footnotes":""},"categories":[8,7],"tags":[],"class_list":["post-85","post","type-post","status-publish","format-standard","hentry","category-vdkbesch","category-vdkperl","nodate"],"_links":{"self":[{"href":"https:\/\/guenter.leuck.name\/index.php?rest_route=\/wp\/v2\/posts\/85","targetHints":{"allow":["GET"]}}],"collection":[{"href":"https:\/\/guenter.leuck.name\/index.php?rest_route=\/wp\/v2\/posts"}],"about":[{"href":"https:\/\/guenter.leuck.name\/index.php?rest_route=\/wp\/v2\/types\/post"}],"author":[{"embeddable":true,"href":"https:\/\/guenter.leuck.name\/index.php?rest_route=\/wp\/v2\/users\/3"}],"replies":[{"embeddable":true,"href":"https:\/\/guenter.leuck.name\/index.php?rest_route=%2Fwp%2Fv2%2Fcomments&post=85"}],"version-history":[{"count":1,"href":"https:\/\/guenter.leuck.name\/index.php?rest_route=\/wp\/v2\/posts\/85\/revisions"}],"predecessor-version":[{"id":86,"href":"https:\/\/guenter.leuck.name\/index.php?rest_route=\/wp\/v2\/posts\/85\/revisions\/86"}],"wp:attachment":[{"href":"https:\/\/guenter.leuck.name\/index.php?rest_route=%2Fwp%2Fv2%2Fmedia&parent=85"}],"wp:term":[{"taxonomy":"category","embeddable":true,"href":"https:\/\/guenter.leuck.name\/index.php?rest_route=%2Fwp%2Fv2%2Fcategories&post=85"},{"taxonomy":"post_tag","embeddable":true,"href":"https:\/\/guenter.leuck.name\/index.php?rest_route=%2Fwp%2Fv2%2Ftags&post=85"}],"curies":[{"name":"wp","href":"https:\/\/api.w.org\/{rel}","templated":true}]}}